{"id":3858,"date":"2012-10-23T13:31:37","date_gmt":"2012-10-23T11:31:37","guid":{"rendered":"http:\/\/www.studioboda.com\/blog\/?p=3858"},"modified":"2016-07-04T13:26:27","modified_gmt":"2016-07-04T11:26:27","slug":"boda-ruzafa-barbara-pedro","status":"publish","type":"post","link":"https:\/\/www.studioboda.com\/blog\/boda-ruzafa-barbara-pedro\/","title":{"rendered":"La gran boda en Ruzafa de B\u00e1rbara y Pedro"},"content":{"rendered":"<p><img fetchpriority=\"high\" decoding=\"async\" class=\"aligncenter size-full wp-image-4544\" alt=\"reportaje de boda el baile\" src=\"http:\/\/www.studioboda.com\/blog\/wp-content\/uploads\/2012\/10\/reportaje-boda-ruzafa12.jpg\" width=\"800\" height=\"533\" srcset=\"https:\/\/www.studioboda.com\/blog\/wp-content\/uploads\/2012\/10\/reportaje-boda-ruzafa12.jpg 800w, https:\/\/www.studioboda.com\/blog\/wp-content\/uploads\/2012\/10\/reportaje-boda-ruzafa12-300x200.jpg 300w, https:\/\/www.studioboda.com\/blog\/wp-content\/uploads\/2012\/10\/reportaje-boda-ruzafa12-768x512.jpg 768w\" sizes=\"(max-width: 800px) 100vw, 800px\" \/><\/p>\n<p>&nbsp;<\/p>\n<p>El reportaje de boda de B\u00e1rbara y Pedro fue una agradable aventura. Conoc\u00ed a esta pareja durante el <a title=\"Fotos de pareja en Port Saplaya\" href=\"http:\/\/www.studioboda.com\/blog\/fotos-pareja-saplaya\/\">reportaje preboda que realizamos en Port Saplaya<\/a>\u00a0hace unos meses, \u00a0Barbara y Pedro son una pareja especial con la que he conectado desde el principio hasta el final.<\/p>\n<p>El d\u00eda de la Boda comenc\u00e9 mi trabajo en casa de Pedro, \u00e9l estaba tan relajado que incluso lleg\u00f3 tarde a la cita. Su mascota, posiblemente es el perro mas expresivo de todo Ruzafa, \u00a0me ofreci\u00f3 la oportunidad de una foto original con los zapatos de Pedro.<\/p>\n<p>Luego a casa de la novia. B\u00e1rbara es una chica encantadora, durante los preparativos mantuvo la calma en todo momento, sus amigos y familiares estaban presentes para acompa\u00f1arla. Siempre se lo agradecer\u00e9 por haberme dejado fotografiar mientras se pon\u00eda el vestido, un momento emocionante que no todas las novias dejan ver.\u00a0 El vestido blanco a cascada de\u00a0<a href=\"http:\/\/www.sanpatrick.com\" target=\"_blank\" rel=\"noopener\">San Patrik<\/a>\u00a0y\u00a0el largo velo le daban un aire de princesa moderna.<\/p>\n<p>La boda religiosa se celebr\u00f3 en la\u00a0<em>Iglesia de San Valero<\/em>, en el barrio de Ruzafa de Valencia, el mismo barrio donde estuvimos para fotografiar los preparativos en casa de Pedro.<\/p>\n<p>A la salida de la iglesia amigos y familiares les esperaron con una lluvia de papelitos de colores. A continuaci\u00f3n fuimos hacia el centro de Valencia donde realizamos las fotos en exteriores, pudimos aprovechar bien\u00a0este corto momento gracias a la disponibilidad \u00a0de Pedro y B\u00e1rbara. Luego nos desplazamos hac\u00eda el <em>Hotel Valencia Parck<\/em> para el banquete nupcial y la fiesta.<\/p>\n<p>Los novios son falleros, tanto que B\u00e1rbara\u00a0fue fallera mayor el a\u00f1o pasado, se sent\u00eda\u00a0en el sal\u00f3n \u00a0la alegr\u00eda y el entusiasmo de los compa\u00f1eros de falla acostumbrados a animar las fiestas. Sus compa\u00f1eras le prepararon una sorpresa, hubo varias otras \u00a0incluido un v\u00eddeo con felicitaciones de los amigos, distintos regalos y una l\u00e1mpara china voladora que fue encendida y lanzada hac\u00eda el cielo por los mismos novios.<\/p>\n<p>Terminado el banquete la fiesta sigui\u00f3 en una sala aparte preparada como discoteca. Los novios abrieron el baile y todos los invitados disfrutaron hasta tarde del buen y contagioso\u00a0ambiente de la fiesta. Tengo que agradecer como siempre a mi estupenda\u00a0 asistente Zizi \u00abflashgirl\u00bb que me ha ayudado controlando el flash remoto durante todo el reportaje. Sin ella no hubieran sido posibles estas fotos tan especiales.<\/p>\n<p>No ha sido f\u00e1cil seleccionar las fotos de este reportaje por la cantidad de im\u00e1genes originales y distintas. Esta es mi mejor selecci\u00f3n, espero os guste tanto como a mi.<\/p>\n<p style=\"text-align: center;\"><img decoding=\"async\" class=\"aligncenter\" alt=\"reportaje de boda original\" src=\"http:\/\/www.studioboda.com\/blog\/wp-content\/uploads\/2012\/10\/reportaje-boda-perro17.jpg\" width=\"800\" height=\"1200\" \/><\/p>\n<p style=\"text-align: center;\"><a href=\"http:\/\/www.studioboda.com\/blog\/wp-content\/uploads\/2012\/10\/reportaje-boda-ruzafa14.jpg\"><img decoding=\"async\" class=\"aligncenter size-full wp-image-4546\" alt=\"fotografo bodas preparativos\" src=\"http:\/\/www.studioboda.com\/blog\/wp-content\/uploads\/2012\/10\/reportaje-boda-ruzafa14.jpg\" width=\"800\" height=\"533\" srcset=\"https:\/\/www.studioboda.com\/blog\/wp-content\/uploads\/2012\/10\/reportaje-boda-ruzafa14.jpg 800w, https:\/\/www.studioboda.com\/blog\/wp-content\/uploads\/2012\/10\/reportaje-boda-ruzafa14-300x200.jpg 300w, https:\/\/www.studioboda.com\/blog\/wp-content\/uploads\/2012\/10\/reportaje-boda-ruzafa14-768x512.jpg 768w\" sizes=\"(max-width: 800px) 100vw, 800px\" \/><\/a><\/p>\n<p style=\"text-align: center;\"><img loading=\"lazy\" decoding=\"async\" class=\"aligncenter size-full wp-image-3913\" title=\"reportaje-boda-ruzafa-novio_BZM8799\" alt=\"reportaje boda ruzafa Pedro\" src=\"http:\/\/www.studioboda.com\/blog\/wp-content\/uploads\/2012\/10\/reportaje-boda-ruzafa-duomo_BZM8799.jpg\" width=\"800\" height=\"532\" srcset=\"https:\/\/www.studioboda.com\/blog\/wp-content\/uploads\/2012\/10\/reportaje-boda-ruzafa-duomo_BZM8799.jpg 800w, https:\/\/www.studioboda.com\/blog\/wp-content\/uploads\/2012\/10\/reportaje-boda-ruzafa-duomo_BZM8799-300x200.jpg 300w, https:\/\/www.studioboda.com\/blog\/wp-content\/uploads\/2012\/10\/reportaje-boda-ruzafa-duomo_BZM8799-768x511.jpg 768w\" sizes=\"(max-width: 800px) 100vw, 800px\" \/><\/p>\n<p style=\"text-align: center;\"><img loading=\"lazy\" decoding=\"async\" class=\"aligncenter size-full wp-image-3912\" title=\"reportaje-boda-ruzafa-novio_BZM8826\" alt=\"reportaje boda ruzafa hermanos\" src=\"http:\/\/www.studioboda.com\/blog\/wp-content\/uploads\/2012\/10\/reportaje-boda-ruzafa-duomo_BZM8826.jpg\" width=\"800\" height=\"532\" srcset=\"https:\/\/www.studioboda.com\/blog\/wp-content\/uploads\/2012\/10\/reportaje-boda-ruzafa-duomo_BZM8826.jpg 800w, https:\/\/www.studioboda.com\/blog\/wp-content\/uploads\/2012\/10\/reportaje-boda-ruzafa-duomo_BZM8826-300x200.jpg 300w, https:\/\/www.studioboda.com\/blog\/wp-content\/uploads\/2012\/10\/reportaje-boda-ruzafa-duomo_BZM8826-768x511.jpg 768w\" sizes=\"(max-width: 800px) 100vw, 800px\" \/><\/p>\n<p style=\"text-align: center;\"><img loading=\"lazy\" decoding=\"async\" class=\"aligncenter size-full wp-image-3911\" title=\"reportaje-boda-ruzafa_BZM8850\" alt=\"reflejos en casa del novio\" src=\"http:\/\/www.studioboda.com\/blog\/wp-content\/uploads\/2012\/10\/reportaje-boda-ruzafa-duomo_BZM8850.jpg\" width=\"800\" height=\"532\" srcset=\"https:\/\/www.studioboda.com\/blog\/wp-content\/uploads\/2012\/10\/reportaje-boda-ruzafa-duomo_BZM8850.jpg 800w, https:\/\/www.studioboda.com\/blog\/wp-content\/uploads\/2012\/10\/reportaje-boda-ruzafa-duomo_BZM8850-300x200.jpg 300w, https:\/\/www.studioboda.com\/blog\/wp-content\/uploads\/2012\/10\/reportaje-boda-ruzafa-duomo_BZM8850-768x511.jpg 768w\" sizes=\"(max-width: 800px) 100vw, 800px\" \/><\/p>\n<p style=\"text-align: center;\"><img loading=\"lazy\" decoding=\"async\" class=\"aligncenter size-full wp-image-3943\" title=\"anillos-de-boda-foto-DSC_4731\" alt=\"Los Anillos de Boda\" src=\"http:\/\/www.studioboda.com\/blog\/wp-content\/uploads\/2012\/10\/anillos-de-boda-foto-DSC_4731.jpg\" width=\"800\" height=\"531\" srcset=\"https:\/\/www.studioboda.com\/blog\/wp-content\/uploads\/2012\/10\/anillos-de-boda-foto-DSC_4731.jpg 800w, https:\/\/www.studioboda.com\/blog\/wp-content\/uploads\/2012\/10\/anillos-de-boda-foto-DSC_4731-300x199.jpg 300w, https:\/\/www.studioboda.com\/blog\/wp-content\/uploads\/2012\/10\/anillos-de-boda-foto-DSC_4731-768x510.jpg 768w\" sizes=\"(max-width: 800px) 100vw, 800px\" \/><\/p>\n<p style=\"text-align: center;\"><img loading=\"lazy\" decoding=\"async\" class=\"aligncenter size-full wp-image-3910\" title=\"reportaje-boda-original_BZM8890\" alt=\"reportaje boda original - novia\" src=\"http:\/\/www.studioboda.com\/blog\/wp-content\/uploads\/2012\/10\/reportaje-boda-ruzafa-duomo_BZM8890.jpg\" width=\"800\" height=\"532\" srcset=\"https:\/\/www.studioboda.com\/blog\/wp-content\/uploads\/2012\/10\/reportaje-boda-ruzafa-duomo_BZM8890.jpg 800w, https:\/\/www.studioboda.com\/blog\/wp-content\/uploads\/2012\/10\/reportaje-boda-ruzafa-duomo_BZM8890-300x200.jpg 300w, https:\/\/www.studioboda.com\/blog\/wp-content\/uploads\/2012\/10\/reportaje-boda-ruzafa-duomo_BZM8890-768x511.jpg 768w\" sizes=\"(max-width: 800px) 100vw, 800px\" \/><\/p>\n<p style=\"text-align: center;\"><img loading=\"lazy\" decoding=\"async\" class=\"aligncenter size-full wp-image-3909\" title=\"reportaje-boda-autor-DSC_4683\" alt=\"reportaje boda de autor - la novia\" src=\"http:\/\/www.studioboda.com\/blog\/wp-content\/uploads\/2012\/10\/reportaje-boda-ruzafa-duomoDSC_4683.jpg\" width=\"800\" height=\"531\" srcset=\"https:\/\/www.studioboda.com\/blog\/wp-content\/uploads\/2012\/10\/reportaje-boda-ruzafa-duomoDSC_4683.jpg 800w, https:\/\/www.studioboda.com\/blog\/wp-content\/uploads\/2012\/10\/reportaje-boda-ruzafa-duomoDSC_4683-300x199.jpg 300w, https:\/\/www.studioboda.com\/blog\/wp-content\/uploads\/2012\/10\/reportaje-boda-ruzafa-duomoDSC_4683-768x510.jpg 768w\" sizes=\"(max-width: 800px) 100vw, 800px\" \/><\/p>\n<p style=\"text-align: center;\"><img loading=\"lazy\" decoding=\"async\" class=\"aligncenter size-full wp-image-3942\" title=\"vestido-novia-reportaje-preparativos\" alt=\"La novia poniendo el vestido de boda\" src=\"http:\/\/www.studioboda.com\/blog\/wp-content\/uploads\/2012\/10\/vestido-novia-reportaje-preparativos.jpg\" width=\"800\" height=\"583\" srcset=\"https:\/\/www.studioboda.com\/blog\/wp-content\/uploads\/2012\/10\/vestido-novia-reportaje-preparativos.jpg 800w, https:\/\/www.studioboda.com\/blog\/wp-content\/uploads\/2012\/10\/vestido-novia-reportaje-preparativos-300x219.jpg 300w, https:\/\/www.studioboda.com\/blog\/wp-content\/uploads\/2012\/10\/vestido-novia-reportaje-preparativos-768x560.jpg 768w\" sizes=\"(max-width: 800px) 100vw, 800px\" \/><\/p>\n<p style=\"text-align: center;\"><img loading=\"lazy\" decoding=\"async\" class=\"aligncenter size-full wp-image-3905\" title=\"reportaje-boda-contemporaneo_BZM8908\" alt=\"zapatos novia reportaje contempor\u00e1neo\" src=\"http:\/\/www.studioboda.com\/blog\/wp-content\/uploads\/2012\/10\/reportaje-boda-ruzafa-duomo_BZM8908.jpg\" width=\"800\" height=\"532\" srcset=\"https:\/\/www.studioboda.com\/blog\/wp-content\/uploads\/2012\/10\/reportaje-boda-ruzafa-duomo_BZM8908.jpg 800w, https:\/\/www.studioboda.com\/blog\/wp-content\/uploads\/2012\/10\/reportaje-boda-ruzafa-duomo_BZM8908-300x200.jpg 300w, https:\/\/www.studioboda.com\/blog\/wp-content\/uploads\/2012\/10\/reportaje-boda-ruzafa-duomo_BZM8908-768x511.jpg 768w\" sizes=\"(max-width: 800px) 100vw, 800px\" \/><\/p>\n<p style=\"text-align: center;\"><a href=\"http:\/\/www.studioboda.com\/blog\/wp-content\/uploads\/2012\/10\/reportaje-boda-ruzafa10.jpg\"><img loading=\"lazy\" decoding=\"async\" class=\"aligncenter size-full wp-image-4542\" alt=\"reportaje de boda - retrato novia\" src=\"http:\/\/www.studioboda.com\/blog\/wp-content\/uploads\/2012\/10\/reportaje-boda-ruzafa10.jpg\" width=\"800\" height=\"532\" srcset=\"https:\/\/www.studioboda.com\/blog\/wp-content\/uploads\/2012\/10\/reportaje-boda-ruzafa10.jpg 800w, https:\/\/www.studioboda.com\/blog\/wp-content\/uploads\/2012\/10\/reportaje-boda-ruzafa10-300x200.jpg 300w, https:\/\/www.studioboda.com\/blog\/wp-content\/uploads\/2012\/10\/reportaje-boda-ruzafa10-768x511.jpg 768w\" sizes=\"(max-width: 800px) 100vw, 800px\" \/><\/a><\/p>\n<p style=\"text-align: center;\"><a href=\"http:\/\/www.studioboda.com\/blog\/wp-content\/uploads\/2012\/10\/reportaje-boda-ruzafa15.jpg\"><img loading=\"lazy\" decoding=\"async\" class=\"aligncenter size-full wp-image-4547\" alt=\"la novia en casa\" src=\"http:\/\/www.studioboda.com\/blog\/wp-content\/uploads\/2012\/10\/reportaje-boda-ruzafa15.jpg\" width=\"800\" height=\"533\" srcset=\"https:\/\/www.studioboda.com\/blog\/wp-content\/uploads\/2012\/10\/reportaje-boda-ruzafa15.jpg 800w, https:\/\/www.studioboda.com\/blog\/wp-content\/uploads\/2012\/10\/reportaje-boda-ruzafa15-300x200.jpg 300w, https:\/\/www.studioboda.com\/blog\/wp-content\/uploads\/2012\/10\/reportaje-boda-ruzafa15-768x512.jpg 768w\" sizes=\"(max-width: 800px) 100vw, 800px\" \/><\/a><\/p>\n<p style=\"text-align: center;\"><a href=\"http:\/\/www.studioboda.com\/blog\/wp-content\/uploads\/2012\/10\/reportaje-boda-ruzafa16.jpg\"><img loading=\"lazy\" decoding=\"async\" class=\"aligncenter size-full wp-image-4548\" alt=\"fotoperiodismo de boda\" src=\"http:\/\/www.studioboda.com\/blog\/wp-content\/uploads\/2012\/10\/reportaje-boda-ruzafa16.jpg\" width=\"800\" height=\"531\" srcset=\"https:\/\/www.studioboda.com\/blog\/wp-content\/uploads\/2012\/10\/reportaje-boda-ruzafa16.jpg 800w, https:\/\/www.studioboda.com\/blog\/wp-content\/uploads\/2012\/10\/reportaje-boda-ruzafa16-300x199.jpg 300w, https:\/\/www.studioboda.com\/blog\/wp-content\/uploads\/2012\/10\/reportaje-boda-ruzafa16-768x510.jpg 768w\" sizes=\"(max-width: 800px) 100vw, 800px\" \/><\/a><\/p>\n<p style=\"text-align: center;\"><img loading=\"lazy\" decoding=\"async\" title=\"reportaje-boda-retrato_BZM8915\" alt=\"retrato novia color\" src=\"http:\/\/www.studioboda.com\/blog\/wp-content\/uploads\/2012\/10\/reportaje-boda-ruzafa_BZM8915.jpg\" width=\"800\" height=\"532\" \/><\/p>\n<p style=\"text-align: center;\"><img loading=\"lazy\" decoding=\"async\" class=\"aligncenter size-full wp-image-3900\" title=\"reportaje-boda-ruzafa-DSC_4875\" alt=\"reportaje boda salida novia\" src=\"http:\/\/www.studioboda.com\/blog\/wp-content\/uploads\/2012\/10\/reportaje-boda-ruzafa-duomoDSC_4875.jpg\" width=\"800\" height=\"531\" srcset=\"https:\/\/www.studioboda.com\/blog\/wp-content\/uploads\/2012\/10\/reportaje-boda-ruzafa-duomoDSC_4875.jpg 800w, https:\/\/www.studioboda.com\/blog\/wp-content\/uploads\/2012\/10\/reportaje-boda-ruzafa-duomoDSC_4875-300x199.jpg 300w, https:\/\/www.studioboda.com\/blog\/wp-content\/uploads\/2012\/10\/reportaje-boda-ruzafa-duomoDSC_4875-768x510.jpg 768w\" sizes=\"(max-width: 800px) 100vw, 800px\" \/><\/p>\n<p style=\"text-align: center;\">La ceremonia religiosa se celebr\u00f3 en Valencia, en la <strong>Iglesia de San Valero<\/strong>, barrio de <em>Ruzafa<\/em><\/p>\n<p style=\"text-align: center;\"><img loading=\"lazy\" decoding=\"async\" title=\"reportaje-boda-ruzafa-iglesia-san-valero-DSC_5047\" alt=\"reportaje boda ruzafa - Iglesia de San Valero\" src=\"http:\/\/www.studioboda.com\/blog\/wp-content\/uploads\/2012\/10\/reportaje-boda-ruzafa-duomoDSC_5047.jpg\" width=\"800\" height=\"531\" \/><\/p>\n<p style=\"text-align: center;\"><img loading=\"lazy\" decoding=\"async\" class=\"aligncenter size-full wp-image-3898\" title=\"reportaje-boda-ruzafa-san-valero-DSC_4903\" alt=\"reportaje boda ruzafa novio en  la Iglesia de San Valero\" src=\"http:\/\/www.studioboda.com\/blog\/wp-content\/uploads\/2012\/10\/reportaje-boda-ruzafa-duomoDSC_4903.jpg\" width=\"800\" height=\"531\" srcset=\"https:\/\/www.studioboda.com\/blog\/wp-content\/uploads\/2012\/10\/reportaje-boda-ruzafa-duomoDSC_4903.jpg 800w, https:\/\/www.studioboda.com\/blog\/wp-content\/uploads\/2012\/10\/reportaje-boda-ruzafa-duomoDSC_4903-300x199.jpg 300w, https:\/\/www.studioboda.com\/blog\/wp-content\/uploads\/2012\/10\/reportaje-boda-ruzafa-duomoDSC_4903-768x510.jpg 768w\" sizes=\"(max-width: 800px) 100vw, 800px\" \/><\/p>\n<p style=\"text-align: center;\"><img loading=\"lazy\" decoding=\"async\" class=\"aligncenter size-full wp-image-3897\" title=\"reportaje-boda-ruzafa-DSC_4915 - Version 2\" alt=\"llegada de la novia - fotografia boda artistica\" src=\"http:\/\/www.studioboda.com\/blog\/wp-content\/uploads\/2012\/10\/reportaje-boda-ruzafa-duomoDSC_4915-Version-2.jpg\" width=\"800\" height=\"533\" srcset=\"https:\/\/www.studioboda.com\/blog\/wp-content\/uploads\/2012\/10\/reportaje-boda-ruzafa-duomoDSC_4915-Version-2.jpg 800w, https:\/\/www.studioboda.com\/blog\/wp-content\/uploads\/2012\/10\/reportaje-boda-ruzafa-duomoDSC_4915-Version-2-300x200.jpg 300w, https:\/\/www.studioboda.com\/blog\/wp-content\/uploads\/2012\/10\/reportaje-boda-ruzafa-duomoDSC_4915-Version-2-768x512.jpg 768w\" sizes=\"(max-width: 800px) 100vw, 800px\" \/><\/p>\n<p style=\"text-align: center;\"><img loading=\"lazy\" decoding=\"async\" class=\"aligncenter size-full wp-image-3896\" title=\"reportaje-boda-ruzafa-san-valero-DSC_4919\" alt=\"entrada novia iglesia san valero\" src=\"http:\/\/www.studioboda.com\/blog\/wp-content\/uploads\/2012\/10\/reportaje-boda-ruzafa-duomoDSC_4919.jpg\" width=\"800\" height=\"531\" srcset=\"https:\/\/www.studioboda.com\/blog\/wp-content\/uploads\/2012\/10\/reportaje-boda-ruzafa-duomoDSC_4919.jpg 800w, https:\/\/www.studioboda.com\/blog\/wp-content\/uploads\/2012\/10\/reportaje-boda-ruzafa-duomoDSC_4919-300x199.jpg 300w, https:\/\/www.studioboda.com\/blog\/wp-content\/uploads\/2012\/10\/reportaje-boda-ruzafa-duomoDSC_4919-768x510.jpg 768w\" sizes=\"(max-width: 800px) 100vw, 800px\" \/><\/p>\n<p style=\"text-align: center;\"><img loading=\"lazy\" decoding=\"async\" class=\"aligncenter size-full wp-image-3895\" title=\"reportaje-boda-ruzafa-iglesia_BZM8988\" alt=\"entrada novia iglesia\" src=\"http:\/\/www.studioboda.com\/blog\/wp-content\/uploads\/2012\/10\/reportaje-boda-ruzafa-duomo_BZM8988.jpg\" width=\"800\" height=\"533\" srcset=\"https:\/\/www.studioboda.com\/blog\/wp-content\/uploads\/2012\/10\/reportaje-boda-ruzafa-duomo_BZM8988.jpg 800w, https:\/\/www.studioboda.com\/blog\/wp-content\/uploads\/2012\/10\/reportaje-boda-ruzafa-duomo_BZM8988-300x200.jpg 300w, https:\/\/www.studioboda.com\/blog\/wp-content\/uploads\/2012\/10\/reportaje-boda-ruzafa-duomo_BZM8988-768x512.jpg 768w\" sizes=\"(max-width: 800px) 100vw, 800px\" \/><\/p>\n<p style=\"text-align: center;\"><img loading=\"lazy\" decoding=\"async\" title=\"reportaje-boda-ruzafa-_BZM9029\" alt=\"detalle manos novios boda\" src=\"http:\/\/www.studioboda.com\/blog\/wp-content\/uploads\/2012\/10\/reportaje-boda-ruzafa-duomo_BZM9029.jpg\" width=\"800\" height=\"532\" \/><\/p>\n<p style=\"text-align: center;\"><img loading=\"lazy\" decoding=\"async\" title=\"reportaje-boda-ruzafa-san-valero_BZM9011\" alt=\"reportaje boda altar\" src=\"http:\/\/www.studioboda.com\/blog\/wp-content\/uploads\/2012\/10\/reportaje-boda-ruzafa-duomo_BZM9011.jpg\" width=\"800\" height=\"532\" \/><\/p>\n<p style=\"text-align: center;\"><img loading=\"lazy\" decoding=\"async\" class=\"aligncenter size-full wp-image-3892\" title=\"reportaje-boda-ruzafa-san-valeroDSC_4964\" alt=\"boda ruzafa salida novios iglesia\" src=\"http:\/\/www.studioboda.com\/blog\/wp-content\/uploads\/2012\/10\/reportaje-boda-ruzafa-duomoDSC_4964.jpg\" width=\"800\" height=\"531\" srcset=\"https:\/\/www.studioboda.com\/blog\/wp-content\/uploads\/2012\/10\/reportaje-boda-ruzafa-duomoDSC_4964.jpg 800w, https:\/\/www.studioboda.com\/blog\/wp-content\/uploads\/2012\/10\/reportaje-boda-ruzafa-duomoDSC_4964-300x199.jpg 300w, https:\/\/www.studioboda.com\/blog\/wp-content\/uploads\/2012\/10\/reportaje-boda-ruzafa-duomoDSC_4964-768x510.jpg 768w\" sizes=\"(max-width: 800px) 100vw, 800px\" \/><\/p>\n<p style=\"text-align: center;\"><a href=\"http:\/\/www.studioboda.com\/blog\/wp-content\/uploads\/2012\/10\/reportaje-boda-ruzafa11.jpg\"><img loading=\"lazy\" decoding=\"async\" class=\"aligncenter size-full wp-image-4543\" alt=\"reportaje de boda artistico \" src=\"http:\/\/www.studioboda.com\/blog\/wp-content\/uploads\/2012\/10\/reportaje-boda-ruzafa11.jpg\" width=\"800\" height=\"533\" srcset=\"https:\/\/www.studioboda.com\/blog\/wp-content\/uploads\/2012\/10\/reportaje-boda-ruzafa11.jpg 800w, https:\/\/www.studioboda.com\/blog\/wp-content\/uploads\/2012\/10\/reportaje-boda-ruzafa11-300x200.jpg 300w, https:\/\/www.studioboda.com\/blog\/wp-content\/uploads\/2012\/10\/reportaje-boda-ruzafa11-768x512.jpg 768w\" sizes=\"(max-width: 800px) 100vw, 800px\" \/><\/a><\/p>\n<p style=\"text-align: center;\"><img loading=\"lazy\" decoding=\"async\" class=\"aligncenter size-full wp-image-3890\" title=\"reportaje-boda-ruzafa-DSC_4996\" alt=\"reportaje boda ruzafa frente iglesia\" src=\"http:\/\/www.studioboda.com\/blog\/wp-content\/uploads\/2012\/10\/reportaje-boda-ruzafa-duomoDSC_4996.jpg\" width=\"800\" height=\"531\" srcset=\"https:\/\/www.studioboda.com\/blog\/wp-content\/uploads\/2012\/10\/reportaje-boda-ruzafa-duomoDSC_4996.jpg 800w, https:\/\/www.studioboda.com\/blog\/wp-content\/uploads\/2012\/10\/reportaje-boda-ruzafa-duomoDSC_4996-300x199.jpg 300w, https:\/\/www.studioboda.com\/blog\/wp-content\/uploads\/2012\/10\/reportaje-boda-ruzafa-duomoDSC_4996-768x510.jpg 768w\" sizes=\"(max-width: 800px) 100vw, 800px\" \/><\/p>\n<p style=\"text-align: center;\"><img loading=\"lazy\" decoding=\"async\" class=\"aligncenter size-full wp-image-3888\" title=\"reportaje-boda-ruzafa-_BZM9077\" alt=\"reportaje boda ruzafa \" src=\"http:\/\/www.studioboda.com\/blog\/wp-content\/uploads\/2012\/10\/reportaje-boda-ruzafa-duomo_BZM9077.jpg\" width=\"800\" height=\"532\" srcset=\"https:\/\/www.studioboda.com\/blog\/wp-content\/uploads\/2012\/10\/reportaje-boda-ruzafa-duomo_BZM9077.jpg 800w, https:\/\/www.studioboda.com\/blog\/wp-content\/uploads\/2012\/10\/reportaje-boda-ruzafa-duomo_BZM9077-300x200.jpg 300w, https:\/\/www.studioboda.com\/blog\/wp-content\/uploads\/2012\/10\/reportaje-boda-ruzafa-duomo_BZM9077-768x511.jpg 768w\" sizes=\"(max-width: 800px) 100vw, 800px\" \/><\/p>\n<p style=\"text-align: center;\">Para las fotos en exteriores despu\u00e9s de la boda, fuimos hac\u00eda la <strong>Real Bas\u00edlica de la Virgen de los Desamparados.<\/strong><\/p>\n<p style=\"text-align: center;\"><img loading=\"lazy\" decoding=\"async\" class=\"aligncenter size-full wp-image-3883\" title=\"reportaje-boda-ruzafa-duomoDSC_5062\" alt=\"reportaje boda ruzafa (34)\" src=\"http:\/\/www.studioboda.com\/blog\/wp-content\/uploads\/2012\/10\/reportaje-boda-ruzafa-duomoDSC_5062.jpg\" width=\"533\" height=\"800\" srcset=\"https:\/\/www.studioboda.com\/blog\/wp-content\/uploads\/2012\/10\/reportaje-boda-ruzafa-duomoDSC_5062.jpg 533w, https:\/\/www.studioboda.com\/blog\/wp-content\/uploads\/2012\/10\/reportaje-boda-ruzafa-duomoDSC_5062-200x300.jpg 200w\" sizes=\"(max-width: 533px) 100vw, 533px\" \/><\/p>\n<p style=\"text-align: center;\"><img loading=\"lazy\" decoding=\"async\" class=\"aligncenter size-full wp-image-3882\" title=\"reportaje-boda-ruzafa-duomo_BZM9119\" alt=\"reportaje boda ruzafa (35)\" src=\"http:\/\/www.studioboda.com\/blog\/wp-content\/uploads\/2012\/10\/reportaje-boda-ruzafa-duomo_BZM9119.jpg\" width=\"800\" height=\"532\" srcset=\"https:\/\/www.studioboda.com\/blog\/wp-content\/uploads\/2012\/10\/reportaje-boda-ruzafa-duomo_BZM9119.jpg 800w, https:\/\/www.studioboda.com\/blog\/wp-content\/uploads\/2012\/10\/reportaje-boda-ruzafa-duomo_BZM9119-300x200.jpg 300w, https:\/\/www.studioboda.com\/blog\/wp-content\/uploads\/2012\/10\/reportaje-boda-ruzafa-duomo_BZM9119-768x511.jpg 768w\" sizes=\"(max-width: 800px) 100vw, 800px\" \/><\/p>\n<p style=\"text-align: center;\"><img loading=\"lazy\" decoding=\"async\" class=\"aligncenter size-full wp-image-3881\" title=\"reportaje-boda-ruzafa-duomo_BZM9132\" alt=\"reportaje boda ruzafa (36)\" src=\"http:\/\/www.studioboda.com\/blog\/wp-content\/uploads\/2012\/10\/reportaje-boda-ruzafa-duomo_BZM9132.jpg\" width=\"800\" height=\"532\" srcset=\"https:\/\/www.studioboda.com\/blog\/wp-content\/uploads\/2012\/10\/reportaje-boda-ruzafa-duomo_BZM9132.jpg 800w, https:\/\/www.studioboda.com\/blog\/wp-content\/uploads\/2012\/10\/reportaje-boda-ruzafa-duomo_BZM9132-300x200.jpg 300w, https:\/\/www.studioboda.com\/blog\/wp-content\/uploads\/2012\/10\/reportaje-boda-ruzafa-duomo_BZM9132-768x511.jpg 768w\" sizes=\"(max-width: 800px) 100vw, 800px\" \/><\/p>\n<p style=\"text-align: center;\"><img loading=\"lazy\" decoding=\"async\" class=\"aligncenter size-full wp-image-3880\" title=\"reportaje-boda-ruzafa-duomo_BZM9142\" alt=\"reportaje boda ruzafa (37)\" src=\"http:\/\/www.studioboda.com\/blog\/wp-content\/uploads\/2012\/10\/reportaje-boda-ruzafa-duomo_BZM9142.jpg\" width=\"800\" height=\"533\" srcset=\"https:\/\/www.studioboda.com\/blog\/wp-content\/uploads\/2012\/10\/reportaje-boda-ruzafa-duomo_BZM9142.jpg 800w, https:\/\/www.studioboda.com\/blog\/wp-content\/uploads\/2012\/10\/reportaje-boda-ruzafa-duomo_BZM9142-300x200.jpg 300w, https:\/\/www.studioboda.com\/blog\/wp-content\/uploads\/2012\/10\/reportaje-boda-ruzafa-duomo_BZM9142-768x512.jpg 768w\" sizes=\"(max-width: 800px) 100vw, 800px\" \/><\/p>\n<p style=\"text-align: center;\"><img loading=\"lazy\" decoding=\"async\" class=\"aligncenter size-full wp-image-3879\" title=\"reportaje-boda-ruzafa-duomoDSC_5078\" alt=\"reportaje boda ruzafa (38)\" src=\"http:\/\/www.studioboda.com\/blog\/wp-content\/uploads\/2012\/10\/reportaje-boda-ruzafa-duomoDSC_5078.jpg\" width=\"800\" height=\"531\" srcset=\"https:\/\/www.studioboda.com\/blog\/wp-content\/uploads\/2012\/10\/reportaje-boda-ruzafa-duomoDSC_5078.jpg 800w, https:\/\/www.studioboda.com\/blog\/wp-content\/uploads\/2012\/10\/reportaje-boda-ruzafa-duomoDSC_5078-300x199.jpg 300w, https:\/\/www.studioboda.com\/blog\/wp-content\/uploads\/2012\/10\/reportaje-boda-ruzafa-duomoDSC_5078-768x510.jpg 768w\" sizes=\"(max-width: 800px) 100vw, 800px\" \/><\/p>\n<p style=\"text-align: center;\"><a href=\"http:\/\/www.studioboda.com\/blog\/wp-content\/uploads\/2012\/10\/reportaje-boda-ruzafa13.jpg\"><img loading=\"lazy\" decoding=\"async\" class=\"aligncenter size-full wp-image-4545\" alt=\"las manos de los novios - reportaje de boda contempor\u00e1neo\" src=\"http:\/\/www.studioboda.com\/blog\/wp-content\/uploads\/2012\/10\/reportaje-boda-ruzafa13.jpg\" width=\"800\" height=\"533\" srcset=\"https:\/\/www.studioboda.com\/blog\/wp-content\/uploads\/2012\/10\/reportaje-boda-ruzafa13.jpg 800w, https:\/\/www.studioboda.com\/blog\/wp-content\/uploads\/2012\/10\/reportaje-boda-ruzafa13-300x200.jpg 300w, https:\/\/www.studioboda.com\/blog\/wp-content\/uploads\/2012\/10\/reportaje-boda-ruzafa13-768x512.jpg 768w\" sizes=\"(max-width: 800px) 100vw, 800px\" \/><\/a><\/p>\n<p style=\"text-align: center;\"><img loading=\"lazy\" decoding=\"async\" class=\"aligncenter size-full wp-image-3877\" title=\"reportaje-boda-ruzafa-duomo_BZM9157\" alt=\"reportaje boda ruzafa (40)\" src=\"http:\/\/www.studioboda.com\/blog\/wp-content\/uploads\/2012\/10\/reportaje-boda-ruzafa-duomo_BZM9157.jpg\" width=\"800\" height=\"533\" srcset=\"https:\/\/www.studioboda.com\/blog\/wp-content\/uploads\/2012\/10\/reportaje-boda-ruzafa-duomo_BZM9157.jpg 800w, https:\/\/www.studioboda.com\/blog\/wp-content\/uploads\/2012\/10\/reportaje-boda-ruzafa-duomo_BZM9157-300x200.jpg 300w, https:\/\/www.studioboda.com\/blog\/wp-content\/uploads\/2012\/10\/reportaje-boda-ruzafa-duomo_BZM9157-768x512.jpg 768w\" sizes=\"(max-width: 800px) 100vw, 800px\" \/><\/p>\n<p style=\"text-align: center;\"><img loading=\"lazy\" decoding=\"async\" class=\"aligncenter size-full wp-image-3876\" title=\"reportaje-boda-ruzafa-duomoDSC_5090\" alt=\"reportaje boda ruzafa (41)\" src=\"http:\/\/www.studioboda.com\/blog\/wp-content\/uploads\/2012\/10\/reportaje-boda-ruzafa-duomoDSC_5090.jpg\" width=\"800\" height=\"531\" srcset=\"https:\/\/www.studioboda.com\/blog\/wp-content\/uploads\/2012\/10\/reportaje-boda-ruzafa-duomoDSC_5090.jpg 800w, https:\/\/www.studioboda.com\/blog\/wp-content\/uploads\/2012\/10\/reportaje-boda-ruzafa-duomoDSC_5090-300x199.jpg 300w, https:\/\/www.studioboda.com\/blog\/wp-content\/uploads\/2012\/10\/reportaje-boda-ruzafa-duomoDSC_5090-768x510.jpg 768w\" sizes=\"(max-width: 800px) 100vw, 800px\" \/><\/p>\n<p style=\"text-align: center;\"><img loading=\"lazy\" decoding=\"async\" class=\"aligncenter size-full wp-image-3874\" title=\"reportaje-boda-ruzafa-duomo_BZM9180\" alt=\"reportaje boda ruzafa (43)\" src=\"http:\/\/www.studioboda.com\/blog\/wp-content\/uploads\/2012\/10\/reportaje-boda-ruzafa-duomo_BZM9180.jpg\" width=\"800\" height=\"532\" srcset=\"https:\/\/www.studioboda.com\/blog\/wp-content\/uploads\/2012\/10\/reportaje-boda-ruzafa-duomo_BZM9180.jpg 800w, https:\/\/www.studioboda.com\/blog\/wp-content\/uploads\/2012\/10\/reportaje-boda-ruzafa-duomo_BZM9180-300x200.jpg 300w, https:\/\/www.studioboda.com\/blog\/wp-content\/uploads\/2012\/10\/reportaje-boda-ruzafa-duomo_BZM9180-768x511.jpg 768w\" sizes=\"(max-width: 800px) 100vw, 800px\" \/><\/p>\n<p style=\"text-align: center;\"><img loading=\"lazy\" decoding=\"async\" class=\"aligncenter size-full wp-image-3872\" title=\"reportaje-boda-ruzafa-duomo_BZM9205\" alt=\"reportaje boda ruzafa (45)\" src=\"http:\/\/www.studioboda.com\/blog\/wp-content\/uploads\/2012\/10\/reportaje-boda-ruzafa-duomo_BZM9205.jpg\" width=\"800\" height=\"532\" srcset=\"https:\/\/www.studioboda.com\/blog\/wp-content\/uploads\/2012\/10\/reportaje-boda-ruzafa-duomo_BZM9205.jpg 800w, https:\/\/www.studioboda.com\/blog\/wp-content\/uploads\/2012\/10\/reportaje-boda-ruzafa-duomo_BZM9205-300x200.jpg 300w, https:\/\/www.studioboda.com\/blog\/wp-content\/uploads\/2012\/10\/reportaje-boda-ruzafa-duomo_BZM9205-768x511.jpg 768w\" sizes=\"(max-width: 800px) 100vw, 800px\" \/><\/p>\n<p style=\"text-align: center;\"><img loading=\"lazy\" decoding=\"async\" class=\"aligncenter size-full wp-image-3871\" title=\"reportaje-boda-ruzafa-duomo_BZM9216\" alt=\"reportaje boda ruzafa (46)\" src=\"http:\/\/www.studioboda.com\/blog\/wp-content\/uploads\/2012\/10\/reportaje-boda-ruzafa-duomo_BZM9216.jpg\" width=\"800\" height=\"532\" srcset=\"https:\/\/www.studioboda.com\/blog\/wp-content\/uploads\/2012\/10\/reportaje-boda-ruzafa-duomo_BZM9216.jpg 800w, https:\/\/www.studioboda.com\/blog\/wp-content\/uploads\/2012\/10\/reportaje-boda-ruzafa-duomo_BZM9216-300x200.jpg 300w, https:\/\/www.studioboda.com\/blog\/wp-content\/uploads\/2012\/10\/reportaje-boda-ruzafa-duomo_BZM9216-768x511.jpg 768w\" sizes=\"(max-width: 800px) 100vw, 800px\" \/><\/p>\n<p style=\"text-align: center;\">Finalmente nos desplazamos hac\u00eda el <a title=\"Hotel Valencia Parck\" href=\"http:\/\/www.hotelvalenciapark.com\/\" target=\"_blank\" rel=\"noopener\">hotel Valencia Parck<\/a> donde se celebr\u00f3 el banquete y la fiesta de boda.<\/p>\n<p style=\"text-align: center;\">All\u00ed esperaban los amigos y familiares de los novios&#8230;.<\/p>\n<p style=\"text-align: center;\"><!--more--><\/p>\n<p style=\"text-align: center;\"><img loading=\"lazy\" decoding=\"async\" class=\"aligncenter size-full wp-image-3870\" title=\"reportaje-boda-ruzafa-duomoDSC_5287 - Version 2\" alt=\"reportaje boda ruzafa (47)\" src=\"http:\/\/www.studioboda.com\/blog\/wp-content\/uploads\/2012\/10\/reportaje-boda-ruzafa-duomoDSC_5287-Version-2.jpg\" width=\"800\" height=\"531\" srcset=\"https:\/\/www.studioboda.com\/blog\/wp-content\/uploads\/2012\/10\/reportaje-boda-ruzafa-duomoDSC_5287-Version-2.jpg 800w, https:\/\/www.studioboda.com\/blog\/wp-content\/uploads\/2012\/10\/reportaje-boda-ruzafa-duomoDSC_5287-Version-2-300x199.jpg 300w, https:\/\/www.studioboda.com\/blog\/wp-content\/uploads\/2012\/10\/reportaje-boda-ruzafa-duomoDSC_5287-Version-2-768x510.jpg 768w\" sizes=\"(max-width: 800px) 100vw, 800px\" \/><\/p>\n<p style=\"text-align: center;\"><img loading=\"lazy\" decoding=\"async\" class=\"aligncenter size-full wp-image-3869\" title=\"reportaje-boda-ruzafa-duomoDSC_5296\" alt=\"reportaje boda ruzafa (48)\" src=\"http:\/\/www.studioboda.com\/blog\/wp-content\/uploads\/2012\/10\/reportaje-boda-ruzafa-duomoDSC_5296.jpg\" width=\"800\" height=\"531\" srcset=\"https:\/\/www.studioboda.com\/blog\/wp-content\/uploads\/2012\/10\/reportaje-boda-ruzafa-duomoDSC_5296.jpg 800w, https:\/\/www.studioboda.com\/blog\/wp-content\/uploads\/2012\/10\/reportaje-boda-ruzafa-duomoDSC_5296-300x199.jpg 300w, https:\/\/www.studioboda.com\/blog\/wp-content\/uploads\/2012\/10\/reportaje-boda-ruzafa-duomoDSC_5296-768x510.jpg 768w\" sizes=\"(max-width: 800px) 100vw, 800px\" \/><\/p>\n<p style=\"text-align: center;\"><img loading=\"lazy\" decoding=\"async\" class=\"aligncenter size-full wp-image-3868\" title=\"reportaje-boda-ruzafa-duomoDSC_5334\" alt=\"reportaje boda ruzafa (49)\" src=\"http:\/\/www.studioboda.com\/blog\/wp-content\/uploads\/2012\/10\/reportaje-boda-ruzafa-duomoDSC_5334.jpg\" width=\"800\" height=\"533\" srcset=\"https:\/\/www.studioboda.com\/blog\/wp-content\/uploads\/2012\/10\/reportaje-boda-ruzafa-duomoDSC_5334.jpg 800w, https:\/\/www.studioboda.com\/blog\/wp-content\/uploads\/2012\/10\/reportaje-boda-ruzafa-duomoDSC_5334-300x200.jpg 300w, https:\/\/www.studioboda.com\/blog\/wp-content\/uploads\/2012\/10\/reportaje-boda-ruzafa-duomoDSC_5334-768x512.jpg 768w\" sizes=\"(max-width: 800px) 100vw, 800px\" \/><\/p>\n<p style=\"text-align: center;\"><img loading=\"lazy\" decoding=\"async\" class=\"aligncenter size-full wp-image-3867\" title=\"reportaje-boda-ruzafa-duomoDSC_5386\" alt=\"reportaje boda ruzafa (50)\" src=\"http:\/\/www.studioboda.com\/blog\/wp-content\/uploads\/2012\/10\/reportaje-boda-ruzafa-duomoDSC_5386.jpg\" width=\"800\" height=\"531\" srcset=\"https:\/\/www.studioboda.com\/blog\/wp-content\/uploads\/2012\/10\/reportaje-boda-ruzafa-duomoDSC_5386.jpg 800w, https:\/\/www.studioboda.com\/blog\/wp-content\/uploads\/2012\/10\/reportaje-boda-ruzafa-duomoDSC_5386-300x199.jpg 300w, https:\/\/www.studioboda.com\/blog\/wp-content\/uploads\/2012\/10\/reportaje-boda-ruzafa-duomoDSC_5386-768x510.jpg 768w\" sizes=\"(max-width: 800px) 100vw, 800px\" \/><\/p>\n<p style=\"text-align: center;\"><img loading=\"lazy\" decoding=\"async\" class=\"aligncenter size-full wp-image-3922\" title=\"reportaje-boda-valencia-parck_BZM9509\" alt=\"regalo novios reportaje boda\" src=\"http:\/\/www.studioboda.com\/blog\/wp-content\/uploads\/2012\/10\/reportaje-boda-valencia-parck_BZM9509.jpg\" width=\"800\" height=\"532\" srcset=\"https:\/\/www.studioboda.com\/blog\/wp-content\/uploads\/2012\/10\/reportaje-boda-valencia-parck_BZM9509.jpg 800w, https:\/\/www.studioboda.com\/blog\/wp-content\/uploads\/2012\/10\/reportaje-boda-valencia-parck_BZM9509-300x200.jpg 300w, https:\/\/www.studioboda.com\/blog\/wp-content\/uploads\/2012\/10\/reportaje-boda-valencia-parck_BZM9509-768x511.jpg 768w\" sizes=\"(max-width: 800px) 100vw, 800px\" \/><\/p>\n<p style=\"text-align: center;\"><img loading=\"lazy\" decoding=\"async\" class=\"aligncenter size-full wp-image-3944\" title=\"baile-novios\" alt=\"El baile de los novios en el hotel Valencia Parck\" src=\"http:\/\/www.studioboda.com\/blog\/wp-content\/uploads\/2012\/10\/baile-novios.jpg\" width=\"800\" height=\"583\" srcset=\"https:\/\/www.studioboda.com\/blog\/wp-content\/uploads\/2012\/10\/baile-novios.jpg 800w, https:\/\/www.studioboda.com\/blog\/wp-content\/uploads\/2012\/10\/baile-novios-300x219.jpg 300w, https:\/\/www.studioboda.com\/blog\/wp-content\/uploads\/2012\/10\/baile-novios-768x560.jpg 768w\" sizes=\"(max-width: 800px) 100vw, 800px\" \/><\/p>\n<p style=\"text-align: center;\"><img loading=\"lazy\" decoding=\"async\" class=\"aligncenter size-full wp-image-3862\" title=\"reportaje-boda-ruzafa-duomoDSC_5754\" alt=\"reportaje boda ruzafa (55)\" src=\"http:\/\/www.studioboda.com\/blog\/wp-content\/uploads\/2012\/10\/reportaje-boda-ruzafa-duomoDSC_5754.jpg\" width=\"800\" height=\"531\" srcset=\"https:\/\/www.studioboda.com\/blog\/wp-content\/uploads\/2012\/10\/reportaje-boda-ruzafa-duomoDSC_5754.jpg 800w, https:\/\/www.studioboda.com\/blog\/wp-content\/uploads\/2012\/10\/reportaje-boda-ruzafa-duomoDSC_5754-300x199.jpg 300w, https:\/\/www.studioboda.com\/blog\/wp-content\/uploads\/2012\/10\/reportaje-boda-ruzafa-duomoDSC_5754-768x510.jpg 768w\" sizes=\"(max-width: 800px) 100vw, 800px\" \/><\/p>\n<p style=\"text-align: center;\"><img loading=\"lazy\" decoding=\"async\" class=\"aligncenter size-full wp-image-3861\" title=\"reportaje-boda-ruzafa-duomoDSC_5768\" alt=\"reportaje boda ruzafa (56)\" src=\"http:\/\/www.studioboda.com\/blog\/wp-content\/uploads\/2012\/10\/reportaje-boda-ruzafa-duomoDSC_5768.jpg\" width=\"800\" height=\"531\" srcset=\"https:\/\/www.studioboda.com\/blog\/wp-content\/uploads\/2012\/10\/reportaje-boda-ruzafa-duomoDSC_5768.jpg 800w, https:\/\/www.studioboda.com\/blog\/wp-content\/uploads\/2012\/10\/reportaje-boda-ruzafa-duomoDSC_5768-300x199.jpg 300w, https:\/\/www.studioboda.com\/blog\/wp-content\/uploads\/2012\/10\/reportaje-boda-ruzafa-duomoDSC_5768-768x510.jpg 768w\" sizes=\"(max-width: 800px) 100vw, 800px\" \/><\/p>\n<p style=\"text-align: center;\">Gracias Barbara y Pedro por elegirme como fot\u00f3grafo para vuestra boda, os deseo lo mejor!<\/p>\n","protected":false},"excerpt":{"rendered":"<p>&nbsp; El reportaje de boda de B\u00e1rbara y Pedro fue una agradable aventura. Conoc\u00ed a esta pareja durante el reportaje preboda que realizamos en Port Saplaya\u00a0hace unos meses, \u00a0Barbara y Pedro son una pareja especial con la que he conectado desde el principio hasta el final. El d\u00eda de la Boda comenc\u00e9 mi trabajo en [&hellip;]<\/p>\n","protected":false},"author":7,"featured_media":3861,"comment_status":"open","ping_status":"open","sticky":false,"template":"","format":"standard","meta":{"_acf_changed":false,"footnotes":""},"categories":[337],"tags":[174,168,176,98,67,182],"class_list":["post-3858","post","type-post","status-publish","format-standard","has-post-thumbnail","hentry","category-fotos-de-boda","tag-fotografia-de-boda-artistica","tag-fotografia-de-boda-contemporanea","tag-fotografia-de-boda-creativa","tag-fotografo-de-boda","tag-fotos-originales-de-boda","tag-reportaje-boda-valencia"],"acf":[],"_links":{"self":[{"href":"https:\/\/www.studioboda.com\/blog\/wp-json\/wp\/v2\/posts\/3858"}],"collection":[{"href":"https:\/\/www.studioboda.com\/blog\/wp-json\/wp\/v2\/posts"}],"about":[{"href":"https:\/\/www.studioboda.com\/blog\/wp-json\/wp\/v2\/types\/post"}],"author":[{"embeddable":true,"href":"https:\/\/www.studioboda.com\/blog\/wp-json\/wp\/v2\/users\/7"}],"replies":[{"embeddable":true,"href":"https:\/\/www.studioboda.com\/blog\/wp-json\/wp\/v2\/comments?post=3858"}],"version-history":[{"count":33,"href":"https:\/\/www.studioboda.com\/blog\/wp-json\/wp\/v2\/posts\/3858\/revisions"}],"predecessor-version":[{"id":3952,"href":"https:\/\/www.studioboda.com\/blog\/wp-json\/wp\/v2\/posts\/3858\/revisions\/3952"}],"wp:featuredmedia":[{"embeddable":true,"href":"https:\/\/www.studioboda.com\/blog\/wp-json\/wp\/v2\/media\/3861"}],"wp:attachment":[{"href":"https:\/\/www.studioboda.com\/blog\/wp-json\/wp\/v2\/media?parent=3858"}],"wp:term":[{"taxonomy":"category","embeddable":true,"href":"https:\/\/www.studioboda.com\/blog\/wp-json\/wp\/v2\/categories?post=3858"},{"taxonomy":"post_tag","embeddable":true,"href":"https:\/\/www.studioboda.com\/blog\/wp-json\/wp\/v2\/tags?post=3858"}],"curies":[{"name":"wp","href":"https:\/\/api.w.org\/{rel}","templated":true}]}}