{"id":1402,"date":"2011-07-19T16:03:29","date_gmt":"2011-07-19T14:03:29","guid":{"rendered":"http:\/\/studioboda.com\/blog\/?p=1402"},"modified":"2017-04-03T23:45:05","modified_gmt":"2017-04-03T21:45:05","slug":"reportaje-pre-boda-cuidad-ciencia","status":"publish","type":"post","link":"https:\/\/www.studioboda.com\/blog\/reportaje-pre-boda-cuidad-ciencia\/","title":{"rendered":"Reportaje Pre-Boda Mar\u00eda y Alejandro"},"content":{"rendered":"<blockquote><p>Mar\u00eda y Alejandro, una pareja joven, moderna y divertida. Alejandro propuso a Mar\u00eda de casarse en una ocasi\u00f3n muy especial, lo hizo en Roma frente a la <em>Fontana de Trevi<\/em>.\u00a0Fue una sorpresa muy rom\u00e1ntica y por supuesto Mar\u00eda acept\u00f3&#8230;<\/p><\/blockquote>\n<p>La boda est\u00e1 programada para dentro de unos meses, ambos est\u00e1n emocionados y muy felices.<\/p>\n<p>Decidimos con ellos realizar una sesi\u00f3n fotogr\u00e1fica previa a la boda en la <em>Cuidad de las Artes y las Ciencias<\/em> para aprovechar los distintos espacios que esta localizaci\u00f3n ofrece. Durante la sesi\u00f3n pre-boda nos divertimos mucho, Mar\u00eda y Alejandro nos dieron la oportunidad de realizar unas fotos muy espont\u00e1neas y naturales.<\/p>\n<p>Las obras de Santiago Calatrava son perfectas como marco de fondo a la pareja dando a las fotos un car\u00e1cter urbano y din\u00e1mico. En particular una foto de los novios con el Agor\u00e1 en el fondo y el movimiento de los coches detr\u00e1s refleja muy claramente la esencia de esta pareja.<\/p>\n<p>Gracias a Mar\u00eda y Alejandro por confiar en nosotros!<\/p>\n<p><img fetchpriority=\"high\" decoding=\"async\" class=\"aligncenter size-full wp-image-1405\" title=\"preboda_DSC9026\" src=\"http:\/\/studioboda.com\/blog\/wp-content\/uploads\/2011\/07\/DSC9026.jpg\" alt=\"los novios preboda\" width=\"531\" height=\"800\" srcset=\"https:\/\/www.studioboda.com\/blog\/wp-content\/uploads\/2011\/07\/DSC9026.jpg 531w, https:\/\/www.studioboda.com\/blog\/wp-content\/uploads\/2011\/07\/DSC9026-199x300.jpg 199w\" sizes=\"(max-width: 531px) 100vw, 531px\" \/><\/p>\n<p><img decoding=\"async\" class=\"aligncenter size-full wp-image-1407\" title=\"preboda_DSC9028\" src=\"http:\/\/studioboda.com\/blog\/wp-content\/uploads\/2011\/07\/DSC9028.jpg\" alt=\"foto novios en valencia\" width=\"800\" height=\"531\" srcset=\"https:\/\/www.studioboda.com\/blog\/wp-content\/uploads\/2011\/07\/DSC9028.jpg 800w, https:\/\/www.studioboda.com\/blog\/wp-content\/uploads\/2011\/07\/DSC9028-300x199.jpg 300w, https:\/\/www.studioboda.com\/blog\/wp-content\/uploads\/2011\/07\/DSC9028-768x510.jpg 768w\" sizes=\"(max-width: 800px) 100vw, 800px\" \/><img decoding=\"async\" class=\"aligncenter size-full wp-image-1408\" title=\"preboda_DSC9091\" src=\"http:\/\/studioboda.com\/blog\/wp-content\/uploads\/2011\/07\/DSC9091.jpg\" alt=\"Maria y Alejandro preboda\" width=\"800\" height=\"533\" srcset=\"https:\/\/www.studioboda.com\/blog\/wp-content\/uploads\/2011\/07\/DSC9091.jpg 800w, https:\/\/www.studioboda.com\/blog\/wp-content\/uploads\/2011\/07\/DSC9091-300x200.jpg 300w, https:\/\/www.studioboda.com\/blog\/wp-content\/uploads\/2011\/07\/DSC9091-768x512.jpg 768w\" sizes=\"(max-width: 800px) 100vw, 800px\" \/><\/p>\n<p style=\"text-align: center;\"><img loading=\"lazy\" decoding=\"async\" class=\"size-full wp-image-1414 aligncenter\" title=\"cuidad ciencia valencia (1)\" src=\"http:\/\/studioboda.com\/blog\/wp-content\/uploads\/2011\/07\/DSC9250.jpg\" alt=\"novios boda valencia\" width=\"800\" height=\"533\" srcset=\"https:\/\/www.studioboda.com\/blog\/wp-content\/uploads\/2011\/07\/DSC9250.jpg 800w, https:\/\/www.studioboda.com\/blog\/wp-content\/uploads\/2011\/07\/DSC9250-300x200.jpg 300w, https:\/\/www.studioboda.com\/blog\/wp-content\/uploads\/2011\/07\/DSC9250-768x512.jpg 768w\" sizes=\"(max-width: 800px) 100vw, 800px\" \/><\/p>\n<p style=\"text-align: center;\"><img loading=\"lazy\" decoding=\"async\" class=\"aligncenter size-full wp-image-1411\" title=\"preboda_DSC9111\" src=\"http:\/\/studioboda.com\/blog\/wp-content\/uploads\/2011\/07\/DSC9111.jpg\" alt=\"blanco y negro\" width=\"800\" height=\"534\" srcset=\"https:\/\/www.studioboda.com\/blog\/wp-content\/uploads\/2011\/07\/DSC9111.jpg 800w, https:\/\/www.studioboda.com\/blog\/wp-content\/uploads\/2011\/07\/DSC9111-300x200.jpg 300w, https:\/\/www.studioboda.com\/blog\/wp-content\/uploads\/2011\/07\/DSC9111-768x513.jpg 768w\" sizes=\"(max-width: 800px) 100vw, 800px\" \/><img loading=\"lazy\" decoding=\"async\" class=\"aligncenter size-full wp-image-1412\" title=\"preboda_DSC9122\" src=\"http:\/\/studioboda.com\/blog\/wp-content\/uploads\/2011\/07\/DSC9122.jpg\" alt=\"novios valencia blanco y negro\" width=\"800\" height=\"533\" srcset=\"https:\/\/www.studioboda.com\/blog\/wp-content\/uploads\/2011\/07\/DSC9122.jpg 800w, https:\/\/www.studioboda.com\/blog\/wp-content\/uploads\/2011\/07\/DSC9122-300x200.jpg 300w, https:\/\/www.studioboda.com\/blog\/wp-content\/uploads\/2011\/07\/DSC9122-768x512.jpg 768w\" sizes=\"(max-width: 800px) 100vw, 800px\" \/><img loading=\"lazy\" decoding=\"async\" class=\"aligncenter size-full wp-image-1413\" title=\"preboda_DSC9217\" src=\"http:\/\/studioboda.com\/blog\/wp-content\/uploads\/2011\/07\/DSC9217.jpg\" alt=\"novios calatrava\" width=\"800\" height=\"533\" srcset=\"https:\/\/www.studioboda.com\/blog\/wp-content\/uploads\/2011\/07\/DSC9217.jpg 800w, https:\/\/www.studioboda.com\/blog\/wp-content\/uploads\/2011\/07\/DSC9217-300x200.jpg 300w, https:\/\/www.studioboda.com\/blog\/wp-content\/uploads\/2011\/07\/DSC9217-768x512.jpg 768w\" sizes=\"(max-width: 800px) 100vw, 800px\" \/><img class=\"aligncenter size-full wp-image-1414\" title=\"%2<\/p\" alt=\"\" \/><img loading=\"lazy\" decoding=\"async\" class=\"aligncenter size-full wp-image-1414\" title=\"cuidad ciencia valencia (1)\" src=\"http:\/\/studioboda.com\/blog\/wp-content\/uploads\/2011\/07\/DSC9250.jpg\" alt=\"novios boda valencia\" width=\"800\" height=\"533\" srcset=\"https:\/\/www.studioboda.com\/blog\/wp-content\/uploads\/2011\/07\/DSC9250.jpg 800w, https:\/\/www.studioboda.com\/blog\/wp-content\/uploads\/2011\/07\/DSC9250-300x200.jpg 300w, https:\/\/www.studioboda.com\/blog\/wp-content\/uploads\/2011\/07\/DSC9250-768x512.jpg 768w\" sizes=\"(max-width: 800px) 100vw, 800px\" \/><\/p>\n","protected":false},"excerpt":{"rendered":"<p>Mar\u00eda y Alejandro, una pareja joven, moderna y divertida. Alejandro propuso a Mar\u00eda de casarse en una ocasi\u00f3n muy especial, lo hizo en Roma frente a la Fontana de Trevi.\u00a0Fue una sorpresa muy rom\u00e1ntica y por supuesto Mar\u00eda acept\u00f3&#8230; La boda est\u00e1 programada para dentro de unos meses, ambos est\u00e1n emocionados y muy felices. Decidimos [&hellip;]<\/p>\n","protected":false},"author":1,"featured_media":1403,"comment_status":"closed","ping_status":"closed","sticky":false,"template":"","format":"standard","meta":{"_acf_changed":false,"footnotes":""},"categories":[337],"tags":[213,11,67,47,35],"class_list":["post-1402","post","type-post","status-publish","format-standard","has-post-thumbnail","hentry","category-fotos-de-boda","tag-ciudad-de-las-ciencias","tag-fotografos-de-boda","tag-fotos-originales-de-boda","tag-pre-boda","tag-reportajes-exteriores-valencia"],"acf":[],"_links":{"self":[{"href":"https:\/\/www.studioboda.com\/blog\/wp-json\/wp\/v2\/posts\/1402"}],"collection":[{"href":"https:\/\/www.studioboda.com\/blog\/wp-json\/wp\/v2\/posts"}],"about":[{"href":"https:\/\/www.studioboda.com\/blog\/wp-json\/wp\/v2\/types\/post"}],"author":[{"embeddable":true,"href":"https:\/\/www.studioboda.com\/blog\/wp-json\/wp\/v2\/users\/1"}],"replies":[{"embeddable":true,"href":"https:\/\/www.studioboda.com\/blog\/wp-json\/wp\/v2\/comments?post=1402"}],"version-history":[{"count":23,"href":"https:\/\/www.studioboda.com\/blog\/wp-json\/wp\/v2\/posts\/1402\/revisions"}],"predecessor-version":[{"id":6326,"href":"https:\/\/www.studioboda.com\/blog\/wp-json\/wp\/v2\/posts\/1402\/revisions\/6326"}],"wp:featuredmedia":[{"embeddable":true,"href":"https:\/\/www.studioboda.com\/blog\/wp-json\/wp\/v2\/media\/1403"}],"wp:attachment":[{"href":"https:\/\/www.studioboda.com\/blog\/wp-json\/wp\/v2\/media?parent=1402"}],"wp:term":[{"taxonomy":"category","embeddable":true,"href":"https:\/\/www.studioboda.com\/blog\/wp-json\/wp\/v2\/categories?post=1402"},{"taxonomy":"post_tag","embeddable":true,"href":"https:\/\/www.studioboda.com\/blog\/wp-json\/wp\/v2\/tags?post=1402"}],"curies":[{"name":"wp","href":"https:\/\/api.w.org\/{rel}","templated":true}]}}